{"id":3840,"date":"2026-03-12T14:53:57","date_gmt":"2026-03-12T12:53:57","guid":{"rendered":"https:\/\/scoalaprofesionala.eu\/?p=3840"},"modified":"2026-03-12T14:54:47","modified_gmt":"2026-03-12T12:54:47","slug":"istoria-care-ne-defineste","status":"publish","type":"post","link":"https:\/\/scoalaprofesionala.eu\/?p=3840","title":{"rendered":"Istoria care ne define\u0219te"},"content":{"rendered":"<p><span data-contrast=\"auto\">\u00cen\u00a0contextul\u00a0activit\u0103\u021bilor\u00a0dedicate<\/span><span data-contrast=\"auto\">\u00a0<\/span><b><span data-contrast=\"auto\">,,<\/span><\/b><b><span data-contrast=\"auto\">Decad<\/span><\/b><b><span data-contrast=\"auto\">ei<\/span><\/b><b><span data-contrast=\"auto\">\u00a0Memoriei\u00a0\u0219i\u00a0Recuno\u0219tin\u021bei<\/span><\/b><b><span data-contrast=\"auto\">\u201d<\/span><\/b><span data-contrast=\"auto\">,\u00a0 \u0218coala Profesional\u0103 din Flore\u0219ti a g\u0103zduit o \u00eent\u00e2lnire deosebit\u0103 cu istoricul \u0219i cercet\u0103torul\u00a0<\/span><b><span data-contrast=\"auto\">Octavian\u00a0\u021a\u00eecu<\/span><\/b><span data-contrast=\"auto\">, care a sus\u021binut o lec\u021bie public\u0103 de istorie pentru elevi \u0219i cadre didactice.<\/span><span data-ccp-props=\"{&quot;134233117&quot;:true,&quot;134233118&quot;:true,&quot;201341983&quot;:0,&quot;335559740&quot;:240}\">\u00a0<\/span><\/p>\n<p><span data-contrast=\"auto\">Evenimentul a adus \u00een prim-plan importan\u021ba memoriei istorice \u0219i a cunoa\u0219terii trecutului, oferind elevilor oportunitatea de a descoperi \u0219i \u00een\u021belege mai bine paginile dramatice ale istoriei <\/span><span data-contrast=\"auto\">poporului nostru<\/span><span data-contrast=\"auto\">. \u00centr-o atmosfer\u0103 deschis\u0103 \u0219i interactiv\u0103, domnul Octavian \u021a\u00eecu a vorbit despre identitatea istoric\u0103 a rom\u00e2nilor dintre Prut \u0219i Nistru, subliniind rolul memoriei colective \u00een formarea unei societ\u0103\u021bi con\u0219tiente de valorile sale.<\/span><span data-ccp-props=\"{&quot;134233117&quot;:true,&quot;134233118&quot;:true,&quot;201341983&quot;:0,&quot;335559740&quot;:240}\">\u00a0<\/span><\/p>\n<p><span data-contrast=\"auto\">\u00cen\u00a0cadrul\u00a0lec\u021biei,\u00a0istoricul\u00a0a\u00a0abordat\u00a0subiecte\u00a0sensibile\u00a0\u0219i\u00a0importante\u00a0din\u00a0trecutul\u00a0<\/span><span data-contrast=\"auto\">\u021b\u0103rii noastre<\/span><span data-contrast=\"auto\">,\u00a0precum\u00a0<\/span><b><span data-contrast=\"auto\">d<\/span><\/b><b><span data-contrast=\"auto\">eport\u0103rile\u00a0staliniste\u00a0din\u00a0Basarabia<\/span><\/b><span data-contrast=\"auto\">,\u00a0c\u00e2nd\u00a0zeci\u00a0de\u00a0mii\u00a0de\u00a0oameni\u00a0au\u00a0fost\u00a0ridica\u021bi\u00a0din\u00a0casele\u00a0lor\u00a0\u0219i\u00a0trimi\u0219i\u00a0\u00een\u00a0Siberia\u00a0sau\u00a0\u00een\u00a0alte\u00a0regiuni\u00a0\u00eendep\u0103rtate\u00a0ale\u00a0Uniunii\u00a0Sovietice. De\u00a0asemenea, a\u00a0fost\u00a0evocat\u0103\u00a0tragedia\u00a0<\/span><b><span data-contrast=\"auto\">f<\/span><\/b><b><span data-contrast=\"auto\">oamete<\/span><\/b><b><span data-contrast=\"auto\">i<\/span><\/b><b><span data-contrast=\"auto\">\u00a0din\u00a0Basarabia<\/span><\/b><span data-contrast=\"auto\">,\u00a0un\u00a0episod\u00a0dureros\u00a0care\u00a0a\u00a0marcat\u00a0profund\u00a0via\u021ba<\/span><span data-contrast=\"auto\">\u00a0poporului basarabean<\/span><span data-contrast=\"auto\">.<\/span><span data-ccp-props=\"{&quot;134233117&quot;:true,&quot;134233118&quot;:true,&quot;201341983&quot;:0,&quot;335559740&quot;:240}\">\u00a0<\/span><\/p>\n<p><span data-contrast=\"auto\">Prin exemple concrete, m\u0103rturii istorice \u0219i explica\u021bii accesibile, invitatul a reu\u0219it s\u0103 transforme \u00eent\u00e2lnirea \u00eentr-o adev\u0103rat\u0103 lec\u021bie de reflec\u021bie asupra trecutului. Elevii au fost \u00eencuraja\u021bi s\u0103 pun\u0103 \u00eentreb\u0103ri \u0219i s\u0103 participe activ la discu\u021bii, manifest\u00e2nd interes fa\u021b\u0103 de subiectele abordate.<\/span><span data-ccp-props=\"{&quot;134233117&quot;:true,&quot;134233118&quot;:true,&quot;201341983&quot;:0,&quot;335559740&quot;:240}\">\u00a0<\/span><\/p>\n<p><span data-contrast=\"auto\">Mesajul central transmis de domnul Octavian \u021a\u00eecu a fost acela c\u0103 istoria trebuie cunoscut\u0103 \u0219i \u00een\u021beleas\u0103, deoarece doar prin p\u0103strarea memoriei colective putem construi un viitor bazat pe adev\u0103r, responsabilitate \u0219i respect<\/span><span data-contrast=\"auto\">.<\/span><span data-ccp-props=\"{&quot;134233117&quot;:true,&quot;134233118&quot;:true,&quot;201341983&quot;:0,&quot;335559740&quot;:240}\">\u00a0<\/span><\/p>\n<p><span data-contrast=\"auto\">Activitatea\u00a0a\u00a0reprezentat\u00a0un\u00a0moment\u00a0important\u00a0pentru\u00a0comunitatea\u00a0educa\u021bional\u0103\u00a0a\u00a0\u0218colii\u00a0Profesionale\u00a0din\u00a0Flore\u0219ti,\u00a0contribuind\u00a0la\u00a0cultivarea\u00a0spiritului\u00a0civic\u00a0\u0219i\u00a0la\u00a0consolidarea\u00a0interesului\u00a0tinerilor\u00a0pentru\u00a0istorie\u00a0\u0219i\u00a0identitate.<\/span><span data-ccp-props=\"{&quot;134233117&quot;:true,&quot;134233118&quot;:true,&quot;201341983&quot;:0,&quot;335559740&quot;:240}\">\u00a0<\/span><\/p>\n<p><span data-contrast=\"auto\">La\u00a0finalul\u00a0\u00eent\u00e2lnirii,<\/span><span data-contrast=\"auto\">\u00a0administra\u021bia\u00a0<\/span><span data-contrast=\"auto\">\u00a0institu\u021biei\u00a0\u0219i-a\u00a0exprimat\u00a0recuno\u0219tin\u021ba\u00a0pentru\u00a0<\/span><span data-contrast=\"auto\">implicarea domnului Octavian \u021a\u00eecu \u00een promovarea valorilor na\u021bionale \u00een r\u00e2ndul genera\u021biei \u00een cre\u0219tere<\/span><span data-contrast=\"auto\">\u00a0\u0219i\u00a0pentru\u00a0dialogul\u00a0valoros\u00a0oferit<\/span><span data-contrast=\"auto\">\u00a0participan\u021bilor<\/span><span data-contrast=\"auto\">, subliniind importan\u021ba unor astfel de activit\u0103\u021bi \u00een procesul educa\u021bional. Prezen\u021ba domnului\u00a0\u00a0<\/span><b><span data-contrast=\"auto\">Octavian \u021a\u00eecu<\/span><\/b><span data-contrast=\"auto\">\u00a0a\u00a0transformat\u00a0aceast\u0103\u00a0<\/span><span data-contrast=\"auto\">lec\u021bie<\/span><span data-contrast=\"auto\"> \u00eentr-o experien\u021b\u0103 memorabil\u0103, care a \u00eembinat cunoa\u0219terea istoriei cu\u00a0<\/span><span data-contrast=\"auto\">aspira\u021bia<\/span><span data-contrast=\"auto\">\u00a0<\/span><span data-contrast=\"auto\">definirii<\/span><span data-contrast=\"auto\">\u00a0identit\u0103\u021bii<\/span><span data-contrast=\"auto\">\u00a0noastre ca na\u021biune<\/span><span data-contrast=\"auto\">.<\/span><span data-ccp-props=\"{&quot;134233117&quot;:true,&quot;134233118&quot;:true,&quot;201341983&quot;:0,&quot;335559740&quot;:240}\">\u00a0<\/span><\/p>\n<p><a href=\"https:\/\/i2.wp.com\/scoalaprofesionala.eu\/wp-content\/uploads\/2026\/03\/649163738_10242973302848885_3146004659481043_n-e1773320005711.jpg?ssl=1\"><img data-attachment-id=\"3841\" data-permalink=\"https:\/\/scoalaprofesionala.eu\/?attachment_id=3841\" data-orig-file=\"https:\/\/i2.wp.com\/scoalaprofesionala.eu\/wp-content\/uploads\/2026\/03\/649163738_10242973302848885_3146004659481043_n-e1773320005711.jpg?fit=1024%2C843&amp;ssl=1\" data-orig-size=\"1024,843\" data-comments-opened=\"1\" data-image-meta=\"{&quot;aperture&quot;:&quot;0&quot;,&quot;credit&quot;:&quot;&quot;,&quot;camera&quot;:&quot;&quot;,&quot;caption&quot;:&quot;&quot;,&quot;created_timestamp&quot;:&quot;0&quot;,&quot;copyright&quot;:&quot;&quot;,&quot;focal_length&quot;:&quot;0&quot;,&quot;iso&quot;:&quot;0&quot;,&quot;shutter_speed&quot;:&quot;0&quot;,&quot;title&quot;:&quot;&quot;,&quot;orientation&quot;:&quot;0&quot;}\" data-image-title=\"649163738_10242973302848885_3146004659481043_n\" data-image-description=\"\" data-medium-file=\"https:\/\/i2.wp.com\/scoalaprofesionala.eu\/wp-content\/uploads\/2026\/03\/649163738_10242973302848885_3146004659481043_n-e1773320005711.jpg?fit=300%2C247&amp;ssl=1\" data-large-file=\"https:\/\/i2.wp.com\/scoalaprofesionala.eu\/wp-content\/uploads\/2026\/03\/649163738_10242973302848885_3146004659481043_n-e1773320005711.jpg?fit=500%2C412&amp;ssl=1\" loading=\"lazy\" class=\"alignnone wp-image-3841 size-medium\" src=\"https:\/\/i1.wp.com\/scoalaprofesionala.eu\/wp-content\/uploads\/2026\/03\/649163738_10242973302848885_3146004659481043_n.jpg?resize=300%2C247&#038;ssl=1\" alt=\"\" width=\"300\" height=\"247\" data-recalc-dims=\"1\" \/><\/a> <a href=\"https:\/\/i0.wp.com\/scoalaprofesionala.eu\/wp-content\/uploads\/2026\/03\/649180562_10242973264527927_8348416017238084179_n-e1773319995773.jpg?ssl=1\"><img data-attachment-id=\"3842\" data-permalink=\"https:\/\/scoalaprofesionala.eu\/?attachment_id=3842\" data-orig-file=\"https:\/\/i0.wp.com\/scoalaprofesionala.eu\/wp-content\/uploads\/2026\/03\/649180562_10242973264527927_8348416017238084179_n-e1773319995773.jpg?fit=1024%2C570&amp;ssl=1\" data-orig-size=\"1024,570\" data-comments-opened=\"1\" data-image-meta=\"{&quot;aperture&quot;:&quot;0&quot;,&quot;credit&quot;:&quot;&quot;,&quot;camera&quot;:&quot;&quot;,&quot;caption&quot;:&quot;&quot;,&quot;created_timestamp&quot;:&quot;0&quot;,&quot;copyright&quot;:&quot;&quot;,&quot;focal_length&quot;:&quot;0&quot;,&quot;iso&quot;:&quot;0&quot;,&quot;shutter_speed&quot;:&quot;0&quot;,&quot;title&quot;:&quot;&quot;,&quot;orientation&quot;:&quot;0&quot;}\" data-image-title=\"649180562_10242973264527927_8348416017238084179_n\" data-image-description=\"\" data-medium-file=\"https:\/\/i0.wp.com\/scoalaprofesionala.eu\/wp-content\/uploads\/2026\/03\/649180562_10242973264527927_8348416017238084179_n-e1773319995773.jpg?fit=300%2C167&amp;ssl=1\" data-large-file=\"https:\/\/i0.wp.com\/scoalaprofesionala.eu\/wp-content\/uploads\/2026\/03\/649180562_10242973264527927_8348416017238084179_n-e1773319995773.jpg?fit=500%2C279&amp;ssl=1\" loading=\"lazy\" class=\"alignnone wp-image-3842 size-medium\" src=\"https:\/\/i1.wp.com\/scoalaprofesionala.eu\/wp-content\/uploads\/2026\/03\/649180562_10242973264527927_8348416017238084179_n.jpg?resize=300%2C167&#038;ssl=1\" alt=\"\" width=\"300\" height=\"167\" data-recalc-dims=\"1\" \/><\/a><\/p>\n<div class=\"sharedaddy sd-sharing-enabled\"><div class=\"robots-nocontent sd-block sd-social sd-social-icon sd-sharing\"><div class=\"sd-content\"><ul><li class=\"share-twitter\"><a rel=\"nofollow noopener noreferrer\" data-shared=\"sharing-twitter-3840\" class=\"share-twitter sd-button share-icon no-text\" href=\"https:\/\/scoalaprofesionala.eu\/?p=3840&amp;share=twitter\" target=\"_blank\" title=\"D\u0103 clic pentru a partaja pe Twitter\"><span><\/span><span class=\"sharing-screen-reader-text\">D\u0103 clic pentru a partaja pe Twitter(Se deschide \u00een fereastr\u0103 nou\u0103)<\/span><\/a><\/li><li class=\"share-facebook\"><a rel=\"nofollow noopener noreferrer\" data-shared=\"sharing-facebook-3840\" class=\"share-facebook sd-button share-icon no-text\" href=\"https:\/\/scoalaprofesionala.eu\/?p=3840&amp;share=facebook\" target=\"_blank\" title=\"D\u0103 clic pentru a partaja pe Facebook\"><span><\/span><span class=\"sharing-screen-reader-text\">D\u0103 clic pentru a partaja pe Facebook(Se deschide \u00een fereastr\u0103 nou\u0103)<\/span><\/a><\/li><li class=\"share-end\"><\/li><\/ul><\/div><\/div><\/div>","protected":false},"excerpt":{"rendered":"<p>\u00cen\u00a0contextul\u00a0activit\u0103\u021bilor\u00a0dedicate\u00a0,,Decadei\u00a0Memoriei\u00a0\u0219i\u00a0Recuno\u0219tin\u021bei\u201d,\u00a0 \u0218coala Profesional\u0103 din Flore\u0219ti a g\u0103zduit o \u00eent\u00e2lnire deosebit\u0103 cu istoricul \u0219i cercet\u0103torul\u00a0Octavian\u00a0\u021a\u00eecu, care a sus\u021binut o lec\u021bie public\u0103 de istorie pentru elevi \u0219i cadre didactice.\u00a0 Evenimentul a adus [&hellip;]<\/p>\n<div class=\"sharedaddy sd-sharing-enabled\"><div class=\"robots-nocontent sd-block sd-social sd-social-icon sd-sharing\"><div class=\"sd-content\"><ul><li class=\"share-twitter\"><a rel=\"nofollow noopener noreferrer\" data-shared=\"sharing-twitter-3840\" class=\"share-twitter sd-button share-icon no-text\" href=\"https:\/\/scoalaprofesionala.eu\/?p=3840&amp;share=twitter\" target=\"_blank\" title=\"D\u0103 clic pentru a partaja pe Twitter\"><span><\/span><span class=\"sharing-screen-reader-text\">D\u0103 clic pentru a partaja pe Twitter(Se deschide \u00een fereastr\u0103 nou\u0103)<\/span><\/a><\/li><li class=\"share-facebook\"><a rel=\"nofollow noopener noreferrer\" data-shared=\"sharing-facebook-3840\" class=\"share-facebook sd-button share-icon no-text\" href=\"https:\/\/scoalaprofesionala.eu\/?p=3840&amp;share=facebook\" target=\"_blank\" title=\"D\u0103 clic pentru a partaja pe Facebook\"><span><\/span><span class=\"sharing-screen-reader-text\">D\u0103 clic pentru a partaja pe Facebook(Se deschide \u00een fereastr\u0103 nou\u0103)<\/span><\/a><\/li><li class=\"share-end\"><\/li><\/ul><\/div><\/div><\/div>","protected":false},"author":1,"featured_media":0,"comment_status":"open","ping_status":"open","sticky":false,"template":"","format":"standard","meta":{"spay_email":"","jetpack_publicize_message":""},"categories":[50,37],"tags":[],"jetpack_featured_media_url":"","jetpack_publicize_connections":[],"jetpack_sharing_enabled":true,"jetpack_shortlink":"https:\/\/wp.me\/pa9JuT-ZW","jetpack-related-posts":[],"_links":{"self":[{"href":"https:\/\/scoalaprofesionala.eu\/index.php?rest_route=\/wp\/v2\/posts\/3840"}],"collection":[{"href":"https:\/\/scoalaprofesionala.eu\/index.php?rest_route=\/wp\/v2\/posts"}],"about":[{"href":"https:\/\/scoalaprofesionala.eu\/index.php?rest_route=\/wp\/v2\/types\/post"}],"author":[{"embeddable":true,"href":"https:\/\/scoalaprofesionala.eu\/index.php?rest_route=\/wp\/v2\/users\/1"}],"replies":[{"embeddable":true,"href":"https:\/\/scoalaprofesionala.eu\/index.php?rest_route=%2Fwp%2Fv2%2Fcomments&post=3840"}],"version-history":[{"count":2,"href":"https:\/\/scoalaprofesionala.eu\/index.php?rest_route=\/wp\/v2\/posts\/3840\/revisions"}],"predecessor-version":[{"id":3844,"href":"https:\/\/scoalaprofesionala.eu\/index.php?rest_route=\/wp\/v2\/posts\/3840\/revisions\/3844"}],"wp:attachment":[{"href":"https:\/\/scoalaprofesionala.eu\/index.php?rest_route=%2Fwp%2Fv2%2Fmedia&parent=3840"}],"wp:term":[{"taxonomy":"category","embeddable":true,"href":"https:\/\/scoalaprofesionala.eu\/index.php?rest_route=%2Fwp%2Fv2%2Fcategories&post=3840"},{"taxonomy":"post_tag","embeddable":true,"href":"https:\/\/scoalaprofesionala.eu\/index.php?rest_route=%2Fwp%2Fv2%2Ftags&post=3840"}],"curies":[{"name":"wp","href":"https:\/\/api.w.org\/{rel}","templated":true}]}}